{"id":29437,"date":"2025-05-13T08:18:39","date_gmt":"2025-05-13T06:18:39","guid":{"rendered":"https:\/\/www.ajpc-chaumont.fr\/?p=29437"},"modified":"2025-05-13T08:18:44","modified_gmt":"2025-05-13T06:18:44","slug":"journee-citoyenne-lajpc-association-engagee","status":"publish","type":"post","link":"http:\/\/www.ajpc-chaumont.fr\/?p=29437","title":{"rendered":"Journ\u00e9e citoyenne : l&#8217;AJPC association engag\u00e9e"},"content":{"rendered":"\n<figure class=\"wp-block-image size-full is-style-default\"><a href=\"https:\/\/www.ajpc-chaumont.fr\/wp-content\/uploads\/2025\/05\/journee-citoyenne-2025.jpg\"><img decoding=\"async\" src=\"http:\/\/www.ajpc-chaumont.fr\/wp-content\/themes\/grey-opaque\/plugins\/lazy-load\/images\/1x1.trans.gif\" data-lazy-src=\"https:\/\/www.ajpc-chaumont.fr\/wp-content\/uploads\/2025\/05\/journee-citoyenne-2025.jpg\" alt=\"\" class=\"wp-image-29438\"\/><noscript><img loading=\"lazy\" decoding=\"async\" width=\"848\" height=\"483\" src=\"https:\/\/www.ajpc-chaumont.fr\/wp-content\/uploads\/2025\/05\/journee-citoyenne-2025.jpg\" alt=\"\" class=\"wp-image-29438\" srcset=\"http:\/\/www.ajpc-chaumont.fr\/wp-content\/uploads\/2025\/05\/journee-citoyenne-2025.jpg 848w, http:\/\/www.ajpc-chaumont.fr\/wp-content\/uploads\/2025\/05\/journee-citoyenne-2025-300x171.jpg 300w, http:\/\/www.ajpc-chaumont.fr\/wp-content\/uploads\/2025\/05\/journee-citoyenne-2025-768x437.jpg 768w\" sizes=\"(max-width: 848px) 100vw, 848px\" \/><\/noscript><\/a><\/figure>\n\n\n\n<p>L&#8217;AJPC est partenaire de la Ville de Chaumont qui organise une journ\u00e9e citoyenne le samedi 24 mai 2025.<\/p>\n\n\n\n<p>7 secteurs urbains et p\u00e9ri-urbains ont \u00e9t\u00e9 retenus :<br>&#8211; Secteur 1 : R\u00e9sidences Jacques Weil \u2013 Place Aristide Briand<br>&#8211; Secteur 2 : H\u00f4tel de Ville \u2013 Place de la Concorde<br>&#8211; Secteur 3 : Maison des Associations \u2013 P\u00f4le Rostand \u2013 rue des Platanes<br>&#8211; Secteur 4 : Le Quarante 4 \u2013 rue Fleming pour ramassage dans le quartier<br>&#8211; Secteur 4 : Le Quarante 4 \u2013 rue Fleming pour ramassage &#8220;C\u00f4teaux Rochotte&#8221; (en partenariat avec l&#8217;AJPC)<br>&#8211; Secteur 5 : Le Corgebin \u2013 Aire de la fontaine Sainte-Lib\u00e8re (en partenariat avec l&#8217;AJPC)<\/p>\n\n\n\n<p>L\u2019AJPC encadrera des \u00e9quipes de nettoyage dans les deux secteurs nature \u00ab les c\u00f4teaux Rochotte \u00bb et \u00ab la fontaine Sainte-Lib\u00e8re \u00bb.<\/p>\n\n\n\n<p><strong>Le rendez-vous est fix\u00e9 \u00e0 9 h 00 au P\u00f4le Rostand \u2013 rue des Platanes<\/strong><\/p>\n\n\n\n<p>Marcheurs ou coureurs de l\u2019AJPC, qui fr\u00e9quentez ces lieux tr\u00e8s r\u00e9guli\u00e8rement, vous \u00eates invit\u00e9s \u00e0 participer \u00e0 ce ramassage citoyen.<br>Pour vous inscrire rendez-vous sur : <a href=\"http:\/\/jeparticipe.ville-chaumont.fr\">jeparticipe.ville-chaumont.fr<\/a><br>L\u2019AJPC cherche \u00e9galement des guides sur les secteurs 4 et 5. Si vous int\u00e9ress\u00e9s fa\u00eetes-vous connaitre en envoyant un mail \u00e0 <a href=\"mailto:dominique.hennequin@ajpc-chaumont.fr\">dominique.hennequin@ajpc-chaumont.fr<\/a> <br>Nous esp\u00e9rons vous y retrouver nombreux.<\/p>\n","protected":false},"excerpt":{"rendered":"<p>L&#8217;AJPC est partenaire de la Ville de Chaumont qui organise une journ\u00e9e citoyenne le samedi 24 mai 2025. 7 secteurs urbains et p\u00e9ri-urbains ont \u00e9t\u00e9 retenus :&#8211; Secteur 1 : R\u00e9sidences Jacques Weil \u2013 Place Aristide Briand&#8211; Secteur 2 : &hellip; <a href=\"http:\/\/www.ajpc-chaumont.fr\/?p=29437\">Continue reading <span class=\"meta-nav\">&rarr;<\/span><\/a><\/p>\n","protected":false},"author":12,"featured_media":0,"comment_status":"closed","ping_status":"closed","sticky":false,"template":"","format":"standard","meta":{"_s2mail":"","footnotes":""},"categories":[1],"tags":[],"_links":{"self":[{"href":"http:\/\/www.ajpc-chaumont.fr\/index.php?rest_route=\/wp\/v2\/posts\/29437"}],"collection":[{"href":"http:\/\/www.ajpc-chaumont.fr\/index.php?rest_route=\/wp\/v2\/posts"}],"about":[{"href":"http:\/\/www.ajpc-chaumont.fr\/index.php?rest_route=\/wp\/v2\/types\/post"}],"author":[{"embeddable":true,"href":"http:\/\/www.ajpc-chaumont.fr\/index.php?rest_route=\/wp\/v2\/users\/12"}],"replies":[{"embeddable":true,"href":"http:\/\/www.ajpc-chaumont.fr\/index.php?rest_route=%2Fwp%2Fv2%2Fcomments&post=29437"}],"version-history":[{"count":1,"href":"http:\/\/www.ajpc-chaumont.fr\/index.php?rest_route=\/wp\/v2\/posts\/29437\/revisions"}],"predecessor-version":[{"id":29439,"href":"http:\/\/www.ajpc-chaumont.fr\/index.php?rest_route=\/wp\/v2\/posts\/29437\/revisions\/29439"}],"wp:attachment":[{"href":"http:\/\/www.ajpc-chaumont.fr\/index.php?rest_route=%2Fwp%2Fv2%2Fmedia&parent=29437"}],"wp:term":[{"taxonomy":"category","embeddable":true,"href":"http:\/\/www.ajpc-chaumont.fr\/index.php?rest_route=%2Fwp%2Fv2%2Fcategories&post=29437"},{"taxonomy":"post_tag","embeddable":true,"href":"http:\/\/www.ajpc-chaumont.fr\/index.php?rest_route=%2Fwp%2Fv2%2Ftags&post=29437"}],"curies":[{"name":"wp","href":"https:\/\/api.w.org\/{rel}","templated":true}]}}