{"id":29710,"date":"2025-12-02T11:24:17","date_gmt":"2025-12-02T10:24:17","guid":{"rendered":"https:\/\/www.ajpc-chaumont.fr\/?p=29710"},"modified":"2025-12-02T11:38:15","modified_gmt":"2025-12-02T10:38:15","slug":"assemblee-generale-2025","status":"publish","type":"post","link":"http:\/\/www.ajpc-chaumont.fr\/?p=29710","title":{"rendered":"Assembl\u00e9e g\u00e9n\u00e9rale 2025"},"content":{"rendered":"\n<figure class=\"wp-block-image size-full is-style-default\"><a href=\"http:\/\/www.ajpc-chaumont.fr\/wp-content\/uploads\/2025\/12\/AG2025.jpg\"><img decoding=\"async\" src=\"http:\/\/www.ajpc-chaumont.fr\/wp-content\/themes\/grey-opaque\/plugins\/lazy-load\/images\/1x1.trans.gif\" data-lazy-src=\"http:\/\/www.ajpc-chaumont.fr\/wp-content\/uploads\/2025\/12\/AG2025.jpg\" alt=\"\" class=\"wp-image-29711\"\/><noscript><img loading=\"lazy\" decoding=\"async\" width=\"731\" height=\"386\" src=\"http:\/\/www.ajpc-chaumont.fr\/wp-content\/uploads\/2025\/12\/AG2025.jpg\" alt=\"\" class=\"wp-image-29711\" srcset=\"http:\/\/www.ajpc-chaumont.fr\/wp-content\/uploads\/2025\/12\/AG2025.jpg 731w, http:\/\/www.ajpc-chaumont.fr\/wp-content\/uploads\/2025\/12\/AG2025-300x158.jpg 300w\" sizes=\"(max-width: 731px) 100vw, 731px\" \/><\/noscript><\/a><\/figure>\n\n\n\n<p>Chers adh\u00e9rents de l\u2019AJPC,<\/p>\n\n\n\n<p>Vous \u00eates convi\u00e9s \u00e0 l&#8217;assembl\u00e9e g\u00e9n\u00e9rale qui se tiendra le <strong>jeudi 18 d\u00e9cembre<\/strong>, \u00e0 18h45 \u00e0 la salle du patronage la\u00efque (rue du patronage la\u00efque \u00e0 Chaumont).<br>Ce sera l&#8217;occasion pour nous de faire un bilan de la saison 2024\/2025 et de vous pr\u00e9senter nos projets pour la saison 2025\/2026.<\/p>\n\n\n\n<p>Si vous souhaitez int\u00e9grer le conseil d&#8217;administration, il est n\u00e9cessaire de nous le faire savoir avant le <strong>4 d\u00e9cembre<\/strong>, d\u00e9lai de rigueur.<\/p>\n\n\n\n<p>La r\u00e9union se cl\u00f4turera par un habituel moment de convivialit\u00e9 compos\u00e9 d&#8217;un ap\u00e9ritif offert par le club et les divers mets sucr\u00e9s ou sal\u00e9s que vous aurez la gentillesse de confectionner.<\/p>\n\n\n\n<p>Au plaisir de vous y rencontrer.<\/p>\n\n\n\n<p>T\u00e9l\u00e9chargez <a href=\"https:\/\/drive.google.com\/file\/d\/1PPShC3ih07vEvEYqMYXJPaVWTTMARsn1\/view\" data-type=\"link\" data-id=\"https:\/\/drive.google.com\/file\/d\/1PPShC3ih07vEvEYqMYXJPaVWTTMARsn1\/view\" target=\"_blank\" rel=\"noreferrer noopener\">ICI<\/a> la convocation avec l&#8217;ordre du jour et une procuration si vous ne pouvez pas \u00eatre pr\u00e9sents.<\/p>\n","protected":false},"excerpt":{"rendered":"<p>Chers adh\u00e9rents de l\u2019AJPC, Vous \u00eates convi\u00e9s \u00e0 l&#8217;assembl\u00e9e g\u00e9n\u00e9rale qui se tiendra le jeudi 18 d\u00e9cembre, \u00e0 18h45 \u00e0 la salle du patronage la\u00efque (rue du patronage la\u00efque \u00e0 Chaumont).Ce sera l&#8217;occasion pour nous de faire un bilan de &hellip; <a href=\"http:\/\/www.ajpc-chaumont.fr\/?p=29710\">Continue reading <span class=\"meta-nav\">&rarr;<\/span><\/a><\/p>\n","protected":false},"author":12,"featured_media":0,"comment_status":"closed","ping_status":"closed","sticky":false,"template":"","format":"standard","meta":{"_s2mail":"","footnotes":""},"categories":[1],"tags":[],"_links":{"self":[{"href":"http:\/\/www.ajpc-chaumont.fr\/index.php?rest_route=\/wp\/v2\/posts\/29710"}],"collection":[{"href":"http:\/\/www.ajpc-chaumont.fr\/index.php?rest_route=\/wp\/v2\/posts"}],"about":[{"href":"http:\/\/www.ajpc-chaumont.fr\/index.php?rest_route=\/wp\/v2\/types\/post"}],"author":[{"embeddable":true,"href":"http:\/\/www.ajpc-chaumont.fr\/index.php?rest_route=\/wp\/v2\/users\/12"}],"replies":[{"embeddable":true,"href":"http:\/\/www.ajpc-chaumont.fr\/index.php?rest_route=%2Fwp%2Fv2%2Fcomments&post=29710"}],"version-history":[{"count":3,"href":"http:\/\/www.ajpc-chaumont.fr\/index.php?rest_route=\/wp\/v2\/posts\/29710\/revisions"}],"predecessor-version":[{"id":29720,"href":"http:\/\/www.ajpc-chaumont.fr\/index.php?rest_route=\/wp\/v2\/posts\/29710\/revisions\/29720"}],"wp:attachment":[{"href":"http:\/\/www.ajpc-chaumont.fr\/index.php?rest_route=%2Fwp%2Fv2%2Fmedia&parent=29710"}],"wp:term":[{"taxonomy":"category","embeddable":true,"href":"http:\/\/www.ajpc-chaumont.fr\/index.php?rest_route=%2Fwp%2Fv2%2Fcategories&post=29710"},{"taxonomy":"post_tag","embeddable":true,"href":"http:\/\/www.ajpc-chaumont.fr\/index.php?rest_route=%2Fwp%2Fv2%2Ftags&post=29710"}],"curies":[{"name":"wp","href":"https:\/\/api.w.org\/{rel}","templated":true}]}}