{"id":29714,"date":"2025-12-03T10:50:17","date_gmt":"2025-12-03T09:50:17","guid":{"rendered":"https:\/\/www.ajpc-chaumont.fr\/?p=29714"},"modified":"2025-12-10T12:29:22","modified_gmt":"2025-12-10T11:29:22","slug":"soiree-galette-2","status":"publish","type":"post","link":"http:\/\/www.ajpc-chaumont.fr\/?p=29714","title":{"rendered":"Soir\u00e9e galette"},"content":{"rendered":"<div class=\"wp-block-image is-style-default\">\n<figure class=\"aligncenter size-full\"><a href=\"https:\/\/www.ajpc-chaumont.fr\/wp-content\/uploads\/2025\/12\/Galette.jpg\"><img decoding=\"async\" src=\"http:\/\/www.ajpc-chaumont.fr\/wp-content\/themes\/grey-opaque\/plugins\/lazy-load\/images\/1x1.trans.gif\" data-lazy-src=\"https:\/\/www.ajpc-chaumont.fr\/wp-content\/uploads\/2025\/12\/Galette.jpg\" alt=\"\" class=\"wp-image-29715\"\/><noscript><img loading=\"lazy\" decoding=\"async\" width=\"542\" height=\"360\" src=\"https:\/\/www.ajpc-chaumont.fr\/wp-content\/uploads\/2025\/12\/Galette.jpg\" alt=\"\" class=\"wp-image-29715\" srcset=\"http:\/\/www.ajpc-chaumont.fr\/wp-content\/uploads\/2025\/12\/Galette.jpg 542w, http:\/\/www.ajpc-chaumont.fr\/wp-content\/uploads\/2025\/12\/Galette-300x199.jpg 300w\" sizes=\"(max-width: 542px) 100vw, 542px\" \/><\/noscript><\/a><\/figure><\/div>\n\n\n<p><\/p>\n\n\n\n<p>Notre traditionnelle soir\u00e9e Galette aura lieu \u00e0 la Salle des F\u00eates de Villiers-le-Sec Samedi 24 janvier \u00e0 partir de 20h00.<\/p>\n\n\n\n<p>T\u00e9l\u00e9chargez <a href=\"http:\/\/www.ajpc-chaumont.fr\/wp-content\/uploads\/2025\/12\/Soiree-Galette-2026-Villiers-le-Sec.pdf\" target=\"_blank\" rel=\"noreferrer noopener\">ICI<\/a> le bulletin d&#8217;inscription avec toutes les informations sur cette soir\u00e9e.<br><br>Le bulletin d&#8217;inscription devra \u00eatre accompagn\u00e9 du r\u00e8glement ( \u00e0 l&#8217;ordre de : AJPC Chaumont ) pour \u00eatre pris en compte et sera transmis \u00e0 Laurence BERTIN ou Claudie JOB avant la date limite du 9 janvier 2026.<\/p>\n\n\n\n<p><strong>Le nombre de places \u00e9tant limit\u00e9, ne tardez pas.<\/strong><\/p>\n\n\n\n<p>Quelques bulletins d&#8217;inscription seront disponibles lors de l&#8217;assembl\u00e9e g\u00e9n\u00e9rale du 18 d\u00e9cembre.<\/p>\n","protected":false},"excerpt":{"rendered":"<p>Notre traditionnelle soir\u00e9e Galette aura lieu \u00e0 la Salle des F\u00eates de Villiers-le-Sec Samedi 24 janvier \u00e0 partir de 20h00. T\u00e9l\u00e9chargez ICI le bulletin d&#8217;inscription avec toutes les informations sur cette soir\u00e9e. Le bulletin d&#8217;inscription devra \u00eatre accompagn\u00e9 du r\u00e8glement &hellip; <a href=\"http:\/\/www.ajpc-chaumont.fr\/?p=29714\">Continue reading <span class=\"meta-nav\">&rarr;<\/span><\/a><\/p>\n","protected":false},"author":12,"featured_media":0,"comment_status":"closed","ping_status":"closed","sticky":false,"template":"","format":"standard","meta":{"_s2mail":"","footnotes":""},"categories":[1],"tags":[],"_links":{"self":[{"href":"http:\/\/www.ajpc-chaumont.fr\/index.php?rest_route=\/wp\/v2\/posts\/29714"}],"collection":[{"href":"http:\/\/www.ajpc-chaumont.fr\/index.php?rest_route=\/wp\/v2\/posts"}],"about":[{"href":"http:\/\/www.ajpc-chaumont.fr\/index.php?rest_route=\/wp\/v2\/types\/post"}],"author":[{"embeddable":true,"href":"http:\/\/www.ajpc-chaumont.fr\/index.php?rest_route=\/wp\/v2\/users\/12"}],"replies":[{"embeddable":true,"href":"http:\/\/www.ajpc-chaumont.fr\/index.php?rest_route=%2Fwp%2Fv2%2Fcomments&post=29714"}],"version-history":[{"count":5,"href":"http:\/\/www.ajpc-chaumont.fr\/index.php?rest_route=\/wp\/v2\/posts\/29714\/revisions"}],"predecessor-version":[{"id":29732,"href":"http:\/\/www.ajpc-chaumont.fr\/index.php?rest_route=\/wp\/v2\/posts\/29714\/revisions\/29732"}],"wp:attachment":[{"href":"http:\/\/www.ajpc-chaumont.fr\/index.php?rest_route=%2Fwp%2Fv2%2Fmedia&parent=29714"}],"wp:term":[{"taxonomy":"category","embeddable":true,"href":"http:\/\/www.ajpc-chaumont.fr\/index.php?rest_route=%2Fwp%2Fv2%2Fcategories&post=29714"},{"taxonomy":"post_tag","embeddable":true,"href":"http:\/\/www.ajpc-chaumont.fr\/index.php?rest_route=%2Fwp%2Fv2%2Ftags&post=29714"}],"curies":[{"name":"wp","href":"https:\/\/api.w.org\/{rel}","templated":true}]}}